{"id":5443,"date":"2024-05-20T10:48:30","date_gmt":"2024-05-20T17:48:30","guid":{"rendered":"https:\/\/nems.org\/?post_type=news&#038;p=5443"},"modified":"2024-05-31T11:18:15","modified_gmt":"2024-05-31T18:18:15","slug":"lop-tu-quan-ly-benh-man-tinh-nam-2024","status":"publish","type":"news","link":"https:\/\/www.nems.org\/viet\/news\/2024-chronic-diseases-self-management-classes\/","title":{"rendered":"L\u1edbp h\u1ecdc t\u1ef1 qu\u1ea3n l\u00fd b\u1ec7nh m\u00e3n t\u00ednh n\u0103m 2024"},"content":{"rendered":"<p>Ph\u00f2ng Gi\u00e1o d\u1ee5c S\u1ee9c kh\u1ecfe NEMS \u0111ang ch\u1ee7 tr\u00ec s\u00e1u l\u1edbp t\u1ef1 qu\u1ea3n l\u00fd b\u1ec7nh m\u00e3n t\u00ednh v\u1ec1 nhi\u1ec1u ch\u1ee7 \u0111\u1ec1 kh\u00e1c nhau nh\u1eb1m gi\u00fap c\u1ea3i thi\u1ec7n s\u1ee9c kh\u1ecfe th\u1ec3 ch\u1ea5t v\u00e0 t\u00e2m l\u00fd c\u0169ng nh\u01b0 ch\u1ea5t l\u01b0\u1ee3ng cu\u1ed9c s\u1ed1ng. N\u1ebfu b\u1ea1n mu\u1ed1n t\u00ecm hi\u1ec3u th\u00eam, vui l\u00f2ng tham gia m\u1ed9t ho\u1eb7c t\u1ea5t c\u1ea3 c\u00e1c l\u1edbp h\u1ecdc t\u1ef1 qu\u1ea3n l\u00fd b\u1ec7nh m\u00e3n t\u00ednh.<\/p>\n<p data-wahpro-txt-style=\"font-size: 20px;\"><span data-offset-key=\"2jirm-3-0\">Ch\u1ee7 \u0111\u1ec1: T\u00ecm hi\u1ec3u c\u00f4ng c\u1ee5 qu\u1ea3n l\u00fd b\u1ea3n th\u00e2n c\u1ef1c m\u1ea1nh<br \/>\nNg\u00e0y: 6\/6\/2024, Th\u1ee9 n\u0103m<br \/>\n<\/span><span data-offset-key=\"2jirm-3-0\">Th\u1eddi gian: 9h30 \u2013 12h<br \/>\n\u0110\u1ecba \u0111i\u1ec3m: Khu ph\u1ed1 T\u00e0u SF, 728 \u0110\u1ea1i l\u1ed9 Th\u00e1i B\u00ecnh D\u01b0\u01a1ng, Ph\u00f2ng 119<br \/>\nNg\u00f4n ng\u1eef: Ti\u1ebfng Qu\u1ea3ng \u0110\u00f4ng<\/span><\/p>\n<p data-wahpro-txt-style=\"font-size: 20px;\"><span data-offset-key=\"2jirm-3-0\">Ch\u1ee7 \u0111\u1ec1: Ho\u1ea1t \u0111\u1ed9ng th\u1ec3 ch\u1ea5t &amp; t\u1eadp th\u1ec3 d\u1ee5c c\u00f3 th\u1ec3 gi\u00fap ch\u00fang ta nh\u01b0 th\u1ebf n\u00e0o?<br \/>\nNg\u00e0y: 13\/6\/2024, Th\u1ee9 n\u0103m<br \/>\nTh\u1eddi gian: 9h30 \u2013 12h<br \/>\n\u0110\u1ecba \u0111i\u1ec3m: Khu ph\u1ed1 T\u00e0u SF, 728 \u0110\u1ea1i l\u1ed9 Th\u00e1i B\u00ecnh D\u01b0\u01a1ng, Ph\u00f2ng 119<br \/>\nNg\u00f4n ng\u1eef: Ti\u1ebfng Qu\u1ea3ng \u0110\u00f4ng<\/span><\/p>\n<p data-wahpro-txt-style=\"font-size: 20px;\"><span data-offset-key=\"2jirm-3-0\">Ch\u1ee7 \u0111\u1ec1: \u0102n u\u1ed1ng l\u00e0nh m\u1ea1nh v\u00e0 ki\u1ec3m so\u00e1t c\u01a1n \u0111au<br \/>\nNg\u00e0y: 20\/6\/2024, Th\u1ee9 n\u0103m<br \/>\n<\/span><span data-offset-key=\"2jirm-3-0\">Th\u1eddi gian: 9h30 \u2013 12h<br \/>\n\u0110\u1ecba \u0111i\u1ec3m: Khu ph\u1ed1 T\u00e0u SF, 728 \u0110\u1ea1i l\u1ed9 Th\u00e1i B\u00ecnh D\u01b0\u01a1ng, Ph\u00f2ng 119<br \/>\nNg\u00f4n ng\u1eef: Ti\u1ebfng Qu\u1ea3ng \u0110\u00f4ng<br \/>\n<\/span><\/p>\n<p data-wahpro-txt-style=\"font-size: 20px;\"><span data-offset-key=\"2jirm-3-0\">Ch\u1ee7 \u0111\u1ec1: \u0110\u1ecdc nh\u00e3n th\u1ef1c ph\u1ea9m &amp; k\u1ef9 n\u0103ng giao ti\u1ebfp<br \/>\nNg\u00e0y: 27\/6\/2024, Th\u1ee9 n\u0103m<br \/>\n<\/span><span data-offset-key=\"2jirm-3-0\">Th\u1eddi gian: 9h30 \u2013 12h<br \/>\n\u0110\u1ecba \u0111i\u1ec3m: Khu ph\u1ed1 T\u00e0u SF, 728 \u0110\u1ea1i l\u1ed9 Th\u00e1i B\u00ecnh D\u01b0\u01a1ng, Ph\u00f2ng 119<br \/>\nNg\u00f4n ng\u1eef: Ti\u1ebfng Qu\u1ea3ng \u0110\u00f4ng<\/span><\/p>\n<p data-wahpro-txt-style=\"font-size: 20px;\"><span data-offset-key=\"2jirm-3-0\">Ch\u1ee7 \u0111\u1ec1: Th\u01b0 gi\u00e3n v\u00e0 \u0111\u1ed1i ph\u00f3 v\u1edbi tr\u1ea7m c\u1ea3m<br \/>\nNg\u00e0y: 11\/7\/2024, Th\u1ee9 n\u0103m<br \/>\n<\/span><span data-offset-key=\"2jirm-3-0\">Th\u1eddi gian: 9h30 \u2013 12h<br \/>\n\u0110\u1ecba \u0111i\u1ec3m: Khu ph\u1ed1 T\u00e0u SF, 728 \u0110\u1ea1i l\u1ed9 Th\u00e1i B\u00ecnh D\u01b0\u01a1ng, Ph\u00f2ng 119<br \/>\nNg\u00f4n ng\u1eef: Ti\u1ebfng Qu\u1ea3ng \u0110\u00f4ng<\/span><\/p>\n<p data-wahpro-txt-style=\"font-size: 20px;\"><span data-offset-key=\"2jirm-3-0\">Ch\u1ee7 \u0111\u1ec1: L\u00e0m vi\u1ec7c hi\u1ec7u qu\u1ea3 h\u01a1n v\u1edbi chuy\u00ean gia ch\u0103m s\u00f3c s\u1ee9c kh\u1ecfe<br \/>\nNg\u00e0y: 18\/7\/2024, Th\u1ee9 n\u0103m<br \/>\n<\/span><span data-offset-key=\"2jirm-3-0\">Th\u1eddi gian: 9h30 \u2013 12h<br \/>\n\u0110\u1ecba \u0111i\u1ec3m: Khu ph\u1ed1 T\u00e0u SF, 728 \u0110\u1ea1i l\u1ed9 Th\u00e1i B\u00ecnh D\u01b0\u01a1ng, Ph\u00f2ng 119<br \/>\nNg\u00f4n ng\u1eef: Ti\u1ebfng Qu\u1ea3ng \u0110\u00f4ng<br \/>\n<\/span><\/p>\n<p data-wahpro-txt-style=\"font-size: 20px;\">\u0110\u1ec3 t\u00ecm hi\u1ec3u th\u00eam, h\u00e3y nh\u1ea5p v\u00e0o\u00a0<a class=\"under\" href=\"https:\/\/www.nems.org\/docs\/2024-chronic-diseases-self-management-class-flyer\/\" target=\"_blank\" rel=\"noopener\"><strong>n\u01a1i \u0111\u00e2y<\/strong><\/a> \u0111\u1ec3 xem ho\u1eb7c t\u1ea3i xu\u1ed1ng t\u1edd th\u00f4ng tin (c\u00f3 s\u1eb5n b\u1eb1ng ti\u1ebfng Anh v\u00e0 ti\u1ebfng Trung).<\/p>\n<p data-wahpro-txt-style=\"font-size: 20px;\"><span data-offset-key=\"2jirm-3-0\">Th\u00e0nh vi\u00ean NEMS c\u00f3 th\u1ec3 \u0111\u0103ng k\u00fd b\u1ea5t k\u1ef3 l\u1edbp n\u00e0o \u0111\u01b0\u1ee3c li\u1ec7t k\u00ea \u1edf tr\u00ean ho\u1eb7c \u0111\u1eb7t c\u00e2u h\u1ecfi b\u1eb1ng c\u00e1ch g\u1ecdi cho Ph\u00f2ng Gi\u00e1o d\u1ee5c Y t\u1ebf theo s\u1ed1 (415) 391-9686 ext. 5843.<\/span><\/p>","protected":false},"featured_media":5444,"template":"","categories":[237],"class_list":["post-5443","news","type-news","status-publish","has-post-thumbnail","hentry","category-classes-workshops"],"acf":[],"yoast_head":"<!-- This site is optimized with the Yoast SEO plugin v27.4 - https:\/\/yoast.com\/product\/yoast-seo-wordpress\/ -->\n<title>2024 Chronic Diseases Self-Management Classes - NEMS<\/title>\n<meta name=\"robots\" content=\"index, follow, max-snippet:-1, max-image-preview:large, max-video-preview:-1\" \/>\n<link rel=\"canonical\" href=\"https:\/\/www.nems.org\/viet\/tin-tuc\/lop-tu-quan-ly-benh-man-tinh-nam-2024\/\" \/>\n<meta property=\"og:locale\" content=\"vi_VN\" \/>\n<meta property=\"og:type\" content=\"article\" \/>\n<meta property=\"og:title\" content=\"2024 Chronic Diseases Self-Management Classes - NEMS\" \/>\n<meta property=\"og:description\" content=\"NEMS Health Education Department is leading six chronic diseases self-management classes on a variety of topics to help improve physical and psychological health, as well as quality of life. If you want to learn more, please attend one or all of the chronic diseases self-management classes. Topic: Learn powerful self-management tool Date: 6\/6\/2024, Thursday Time:... View Article\" \/>\n<meta property=\"og:url\" content=\"https:\/\/www.nems.org\/viet\/tin-tuc\/lop-tu-quan-ly-benh-man-tinh-nam-2024\/\" \/>\n<meta property=\"og:site_name\" content=\"NEMS\" \/>\n<meta property=\"article:modified_time\" content=\"2024-05-31T18:18:15+00:00\" \/>\n<meta property=\"og:image\" content=\"https:\/\/www.nems.org\/wp-content\/uploads\/Chronic-Diseases-Self-Management-Class.png\" \/>\n\t<meta property=\"og:image:width\" content=\"1800\" \/>\n\t<meta property=\"og:image:height\" content=\"1200\" \/>\n\t<meta property=\"og:image:type\" content=\"image\/png\" \/>\n<meta name=\"twitter:card\" content=\"summary_large_image\" \/>\n<meta name=\"twitter:label1\" content=\"\u01af\u1edbc t\u00ednh th\u1eddi gian \u0111\u1ecdc\" \/>\n\t<meta name=\"twitter:data1\" content=\"2 ph\u00fat\" \/>\n<script type=\"application\/ld+json\" class=\"yoast-schema-graph\">{\"@context\":\"https:\\\/\\\/schema.org\",\"@graph\":[{\"@type\":\"WebPage\",\"@id\":\"https:\\\/\\\/www.nems.org\\\/news\\\/2024-chronic-diseases-self-management-classes\\\/\",\"url\":\"https:\\\/\\\/www.nems.org\\\/news\\\/2024-chronic-diseases-self-management-classes\\\/\",\"name\":\"2024 Chronic Diseases Self-Management Classes - NEMS\",\"isPartOf\":{\"@id\":\"https:\\\/\\\/www.nems.org\\\/#website\"},\"primaryImageOfPage\":{\"@id\":\"https:\\\/\\\/www.nems.org\\\/news\\\/2024-chronic-diseases-self-management-classes\\\/#primaryimage\"},\"image\":{\"@id\":\"https:\\\/\\\/www.nems.org\\\/news\\\/2024-chronic-diseases-self-management-classes\\\/#primaryimage\"},\"thumbnailUrl\":\"https:\\\/\\\/www.nems.org\\\/wp-content\\\/uploads\\\/Chronic-Diseases-Self-Management-Class.png\",\"datePublished\":\"2024-05-20T17:48:30+00:00\",\"dateModified\":\"2024-05-31T18:18:15+00:00\",\"breadcrumb\":{\"@id\":\"https:\\\/\\\/www.nems.org\\\/news\\\/2024-chronic-diseases-self-management-classes\\\/#breadcrumb\"},\"inLanguage\":\"vi\",\"potentialAction\":[{\"@type\":\"ReadAction\",\"target\":[\"https:\\\/\\\/www.nems.org\\\/news\\\/2024-chronic-diseases-self-management-classes\\\/\"]}]},{\"@type\":\"ImageObject\",\"inLanguage\":\"vi\",\"@id\":\"https:\\\/\\\/www.nems.org\\\/news\\\/2024-chronic-diseases-self-management-classes\\\/#primaryimage\",\"url\":\"https:\\\/\\\/www.nems.org\\\/wp-content\\\/uploads\\\/Chronic-Diseases-Self-Management-Class.png\",\"contentUrl\":\"https:\\\/\\\/www.nems.org\\\/wp-content\\\/uploads\\\/Chronic-Diseases-Self-Management-Class.png\",\"width\":1800,\"height\":1200},{\"@type\":\"BreadcrumbList\",\"@id\":\"https:\\\/\\\/www.nems.org\\\/news\\\/2024-chronic-diseases-self-management-classes\\\/#breadcrumb\",\"itemListElement\":[{\"@type\":\"ListItem\",\"position\":1,\"name\":\"Home\",\"item\":\"https:\\\/\\\/www.nems.org\\\/\"},{\"@type\":\"ListItem\",\"position\":2,\"name\":\"2024 Chronic Diseases Self-Management Classes\"}]},{\"@type\":\"WebSite\",\"@id\":\"https:\\\/\\\/www.nems.org\\\/#website\",\"url\":\"https:\\\/\\\/www.nems.org\\\/\",\"name\":\"NEMS\",\"description\":\"North East Medical Services (NEMS) is a non-profit community health center serving the San Francisco Bay Area\",\"potentialAction\":[{\"@type\":\"SearchAction\",\"target\":{\"@type\":\"EntryPoint\",\"urlTemplate\":\"https:\\\/\\\/www.nems.org\\\/?s={search_term_string}\"},\"query-input\":{\"@type\":\"PropertyValueSpecification\",\"valueRequired\":true,\"valueName\":\"search_term_string\"}}],\"inLanguage\":\"vi\"}]}<\/script>\n<!-- \/ Yoast SEO plugin. -->","yoast_head_json":{"title":"L\u1edbp h\u1ecdc t\u1ef1 qu\u1ea3n l\u00fd b\u1ec7nh m\u00e3n t\u00ednh n\u0103m 2024 - NEMS","robots":{"index":"index","follow":"follow","max-snippet":"max-snippet:-1","max-image-preview":"max-image-preview:large","max-video-preview":"max-video-preview:-1"},"canonical":"https:\/\/www.nems.org\/viet\/tin-tuc\/lop-tu-quan-ly-benh-man-tinh-nam-2024\/","og_locale":"vi_VN","og_type":"article","og_title":"2024 Chronic Diseases Self-Management Classes - NEMS","og_description":"NEMS Health Education Department is leading six chronic diseases self-management classes on a variety of topics to help improve physical and psychological health, as well as quality of life. If you want to learn more, please attend one or all of the chronic diseases self-management classes. Topic: Learn powerful self-management tool Date: 6\/6\/2024, Thursday Time:... View Article","og_url":"https:\/\/www.nems.org\/viet\/tin-tuc\/lop-tu-quan-ly-benh-man-tinh-nam-2024\/","og_site_name":"NEMS","article_modified_time":"2024-05-31T18:18:15+00:00","og_image":[{"width":1800,"height":1200,"url":"https:\/\/www.nems.org\/wp-content\/uploads\/Chronic-Diseases-Self-Management-Class.png","type":"image\/png"}],"twitter_card":"summary_large_image","twitter_misc":{"\u01af\u1edbc t\u00ednh th\u1eddi gian \u0111\u1ecdc":"2 ph\u00fat"},"schema":{"@context":"https:\/\/schema.org","@graph":[{"@type":"WebPage","@id":"https:\/\/www.nems.org\/news\/2024-chronic-diseases-self-management-classes\/","url":"https:\/\/www.nems.org\/news\/2024-chronic-diseases-self-management-classes\/","name":"L\u1edbp h\u1ecdc t\u1ef1 qu\u1ea3n l\u00fd b\u1ec7nh m\u00e3n t\u00ednh n\u0103m 2024 - NEMS","isPartOf":{"@id":"https:\/\/www.nems.org\/#website"},"primaryImageOfPage":{"@id":"https:\/\/www.nems.org\/news\/2024-chronic-diseases-self-management-classes\/#primaryimage"},"image":{"@id":"https:\/\/www.nems.org\/news\/2024-chronic-diseases-self-management-classes\/#primaryimage"},"thumbnailUrl":"https:\/\/www.nems.org\/wp-content\/uploads\/Chronic-Diseases-Self-Management-Class.png","datePublished":"2024-05-20T17:48:30+00:00","dateModified":"2024-05-31T18:18:15+00:00","breadcrumb":{"@id":"https:\/\/www.nems.org\/news\/2024-chronic-diseases-self-management-classes\/#breadcrumb"},"inLanguage":"vi","potentialAction":[{"@type":"ReadAction","target":["https:\/\/www.nems.org\/news\/2024-chronic-diseases-self-management-classes\/"]}]},{"@type":"ImageObject","inLanguage":"vi","@id":"https:\/\/www.nems.org\/news\/2024-chronic-diseases-self-management-classes\/#primaryimage","url":"https:\/\/www.nems.org\/wp-content\/uploads\/Chronic-Diseases-Self-Management-Class.png","contentUrl":"https:\/\/www.nems.org\/wp-content\/uploads\/Chronic-Diseases-Self-Management-Class.png","width":1800,"height":1200},{"@type":"BreadcrumbList","@id":"https:\/\/www.nems.org\/news\/2024-chronic-diseases-self-management-classes\/#breadcrumb","itemListElement":[{"@type":"ListItem","position":1,"name":"Home","item":"https:\/\/www.nems.org\/"},{"@type":"ListItem","position":2,"name":"2024 Chronic Diseases Self-Management Classes"}]},{"@type":"WebSite","@id":"https:\/\/www.nems.org\/#website","url":"https:\/\/www.nems.org\/","name":"NEMS","description":"North East Medical Services (NEMS) l\u00e0 m\u1ed9t trung t\u00e2m y t\u1ebf c\u1ed9ng \u0111\u1ed3ng phi l\u1ee3i nhu\u1eadn ph\u1ee5c v\u1ee5 Khu v\u1ef1c V\u1ecbnh San Francisco","potentialAction":[{"@type":"SearchAction","target":{"@type":"EntryPoint","urlTemplate":"https:\/\/www.nems.org\/?s={search_term_string}"},"query-input":{"@type":"PropertyValueSpecification","valueRequired":true,"valueName":"search_term_string"}}],"inLanguage":"vi"}]}},"_links":{"self":[{"href":"https:\/\/www.nems.org\/viet\/wp-json\/wp\/v2\/news\/5443","targetHints":{"allow":["GET"]}}],"collection":[{"href":"https:\/\/www.nems.org\/viet\/wp-json\/wp\/v2\/news"}],"about":[{"href":"https:\/\/www.nems.org\/viet\/wp-json\/wp\/v2\/types\/news"}],"wp:featuredmedia":[{"embeddable":true,"href":"https:\/\/www.nems.org\/viet\/wp-json\/wp\/v2\/media\/5444"}],"wp:attachment":[{"href":"https:\/\/www.nems.org\/viet\/wp-json\/wp\/v2\/media?parent=5443"}],"wp:term":[{"taxonomy":"category","embeddable":true,"href":"https:\/\/www.nems.org\/viet\/wp-json\/wp\/v2\/categories?post=5443"}],"curies":[{"name":"wp","href":"https:\/\/api.w.org\/{rel}","templated":true}]}}